{"id":7732,"date":"2026-02-05T13:09:37","date_gmt":"2026-02-05T18:09:37","guid":{"rendered":"https:\/\/aqeips.org\/?p=7732"},"modified":"2026-03-17T13:11:19","modified_gmt":"2026-03-17T17:11:19","slug":"tribute-to-stephane-braney-1966-2026","status":"publish","type":"post","link":"https:\/\/aqeips.org\/en\/tribute-to-stephane-braney-1966-2026\/","title":{"rendered":"Tribute to St\u00e9phane Braney (1966 &#8211; 2026)"},"content":{"rendered":"<div class=\"wp-bootstrap-blocks-container container mb-2\">\r\n\t\n\n<div class=\"wp-block-columns is-layout-flex wp-container-core-columns-is-layout-9d6595d7 wp-block-columns-is-layout-flex\">\n<div class=\"wp-block-column is-layout-flow wp-block-column-is-layout-flow\" style=\"flex-basis:33.33%\">\n<figure class=\"wp-block-image size-full\"><img loading=\"lazy\" decoding=\"async\" width=\"925\" height=\"617\" src=\"https:\/\/aqeips.org\/wp-content\/uploads\/2026\/02\/Hommage_Stephane_1.jpeg\" alt=\"\" class=\"wp-image-7682\" srcset=\"https:\/\/aqeips.org\/wp-content\/uploads\/2026\/02\/Hommage_Stephane_1.jpeg 925w, https:\/\/aqeips.org\/wp-content\/uploads\/2026\/02\/Hommage_Stephane_1-768x512.jpeg 768w\" sizes=\"auto, (max-width: 925px) 100vw, 925px\" \/><\/figure>\n\n\n\n<p class=\"has-blue-dark-color has-text-color has-link-color has-large-font-size wp-elements-4e0801530e29a384e9fce6ee715e5b85\">St\u00e9phane Braney (1966-2026)<\/p>\n\n\n\n<p class=\"has-blue-dark-color has-text-color has-link-color has-medium-font-size wp-elements-73c2fb2d1475e02fd3dc45c99dbe8b34\">A leader in advocating for the rights of people with disabilities.<\/p>\n<\/div>\n\n\n\n<div class=\"wp-block-column is-layout-flow wp-block-column-is-layout-flow\" style=\"flex-basis:66.66%\">\n<h2 class=\"wp-block-heading\">A valued colleague and friend<\/h2>\n\n\n\n<p class=\"has-medium-font-size\">In 2022, St\u00e9phane joined AQEIPS as a project manager and was soon promoted to executive director. Over the next three years, he set out to revitalize the Association, which, like many others, had suffered from the onset of the pandemic in 2020. During this time, St\u00e9phane was also pursuing a graduate degree in Information Technology et Governance at T\u00e9luq university .<\/p>\n\n\n\n<p class=\"has-medium-font-size\">Always brimming with inspiring projects and initiatives, he left us far too soon on January 3, 2026.<\/p>\n\n\n\n<p class=\"has-medium-font-size\">St\u00e9phane was a force of gentleness, a visionary determined to bring about change and refuse to be intimidated by the systemic ableism of our institutions. Faced with pervasive barriers to accessing public spaces and appropriate care, St\u00e9phane led our team with good humor and unwavering kindness.<\/p>\n\n\n\n<p class=\"has-medium-font-size\">We thank him for his unwavering commitment to the rights of people with disabilities, and for all the joys\u2014big and small\u2014that he has shared with us.<\/p>\n\n\n\n<p class=\"has-medium-font-size\">A ceremony will be held in May to celebrate St\u00e9phane\u2019s life. More information to come.<\/p>\n<\/div>\n<\/div>\n\n\n\n<div class=\"wp-block-columns is-layout-flex wp-container-core-columns-is-layout-9d6595d7 wp-block-columns-is-layout-flex\">\n<div class=\"wp-block-column is-layout-flow wp-block-column-is-layout-flow\" style=\"flex-basis:33.33%\">\n<h3 class=\"wp-block-heading\">Testimonials<\/h3>\n\n\n\n<div class=\"wp-block-group is-layout-constrained wp-block-group-is-layout-constrained\">\n<p class=\"has-blue-color has-text-color has-link-color has-medium-font-size wp-elements-108369e57592a219926a115afda8ab6e\"><em>\u201cIt was a real pleasure to work with him.\u201d<\/em><\/p>\n\n\n\n<p class=\"has-blue-color has-text-color has-link-color has-medium-font-size wp-elements-33d740d64018830784b114e78ed45a27\"><em>\u201cI have always admired the gentleness with which St\u00e9phane advocated for the rights of people with disabilities.\u201d<\/em><\/p>\n\n\n\n<p class=\"has-blue-color has-text-color has-link-color has-medium-font-size wp-elements-1ca53a525dae689f54d85520957ee34e\"><em>\u201cMr. Braney\u2019s passion and dedication left a lasting impression on us every time we met. He was a deeply inspiring person who embodied inclusive and committed leadership.\u201d<\/em><\/p>\n\n\n\n<p class=\"has-blue-color has-text-color has-link-color has-medium-font-size wp-elements-722fad06d1e2ee85a62636a1a2e08bcd\"><em>\u201cThe video I made for him is one of my favorite projects, and I\u2019m glad I was able to capture that moment.\u201d<\/em><\/p>\n\n\n\n<p class=\"has-blue-color has-text-color has-link-color has-medium-font-size wp-elements-7c3f65af88e0e5ed6deb0c2e3c87ec3b\"><em>\u201cWhat a wonderful man, and what a privilege it was to have known him.\u201d<\/em><\/p>\n\n\n\n<p class=\"has-blue-color has-text-color has-link-color has-medium-font-size wp-elements-3559555253873144ed3340f38f6d215e\"><em>\u201cIt is a tremendous loss for everyone who knew him, whether closely or from afar.\u201d<\/em><\/p>\n\n\n\n<p class=\"has-blue-color has-text-color has-link-color has-medium-font-size wp-elements-1c1b95a4fe1d2a7e166e84349c95ee74\"><em>\u201cHe was a ray of sunshine; I loved spending time with him during the filming of the video.\u201d<\/em><\/p>\n\n\n\n<p class=\"has-blue-color has-text-color has-link-color has-medium-font-size wp-elements-ab82b95690bf9f8b3010ed0bd989c846\"><em>\u201cWhat a loss for the disability community. St\u00e9phane had such innovative ideas and passion for the cause that\u00a0won&#8217;t\u00a0be forgotten.\u201d\u00a0<\/em><\/p>\n\n\n\n<p class=\"has-blue-color has-text-color has-link-color has-medium-font-size wp-elements-67fb0499ef77bbba2eafcbc464dd0b8a\"><em>\u201cWhat struck me most about St\u00e9phane was his love of life. He always had something positive to say: a story to tell, an adventure with his grandchildren to share, or an update on the progress of his many projects. In a world increasingly focused on negativity and sensationalism, St\u00e9phane stood out in the best possible way.\u201d<\/em><\/p>\n\n\n\n<p class=\"has-blue-color has-text-color has-link-color has-medium-font-size wp-elements-feaefb184e36c3ae94029818671c1eb4\"><em>\u201cSt\u00e9phane was a valued colleague for our organization and a friend to many of us.\u201d<\/em><\/p>\n<\/div>\n\n\n\n<div style=\"height:3em\" aria-hidden=\"true\" class=\"wp-block-spacer\"><\/div>\n\n\n\n<p class=\"has-medium-font-size\">Send your testimonials to:  communications@aqeips.org<\/p>\n\n\n\n<p class=\"has-medium-font-size\"><a href=\"https:\/\/www.salonrolandmenard.com\/avis-de-deces\/stephane-braney\">St\u00e9phane Braney &#8211; Obituary &#8211; Salon Roland M\u00e9nard<\/a><\/p>\n\n\n\n<figure class=\"wp-block-image size-full\"><img loading=\"lazy\" decoding=\"async\" width=\"1100\" height=\"859\" src=\"https:\/\/aqeips.org\/wp-content\/uploads\/2026\/02\/Cedre.jpg\" alt=\"\" class=\"wp-image-7707\" srcset=\"https:\/\/aqeips.org\/wp-content\/uploads\/2026\/02\/Cedre.jpg 1100w, https:\/\/aqeips.org\/wp-content\/uploads\/2026\/02\/Cedre-1024x800.jpg 1024w, https:\/\/aqeips.org\/wp-content\/uploads\/2026\/02\/Cedre-768x600.jpg 768w\" sizes=\"auto, (max-width: 1100px) 100vw, 1100px\" \/><\/figure>\n<\/div>\n\n\n\n<div class=\"wp-block-column is-layout-flow wp-block-column-is-layout-flow\" style=\"flex-basis:66.66%\">\n<div class=\"wp-block-columns is-layout-flex wp-container-core-columns-is-layout-9d6595d7 wp-block-columns-is-layout-flex\">\n<div class=\"wp-block-column is-layout-flow wp-block-column-is-layout-flow\" style=\"flex-basis:66.66%\">\n<figure class=\"wp-block-embed is-type-video is-provider-youtube wp-block-embed-youtube\"><div style=\"display: contents;\" >\n\n<div data-mode=\"normal\" data-oembed=\"1\" data-provider=\"youtube\" id=\"arve-youtube-z9jpiy-fq3y\" class=\"arve\">\n\t<div class=\"arve-inner\">\n\t\t<div style=\"aspect-ratio:500\/281\" class=\"arve-embed arve-embed--has-aspect-ratio\">\n\t\t\t<div class=\"arve-ar\" style=\"padding-top:56.200000%\"><\/div>\n\t\t\t<iframe allow=\"accelerometer &apos;none&apos;;autoplay &apos;none&apos;;bluetooth &apos;none&apos;;browsing-topics &apos;none&apos;;camera &apos;none&apos;;clipboard-read &apos;none&apos;;clipboard-write;display-capture &apos;none&apos;;encrypted-media &apos;none&apos;;gamepad &apos;none&apos;;geolocation &apos;none&apos;;gyroscope &apos;none&apos;;hid &apos;none&apos;;identity-credentials-get &apos;none&apos;;idle-detection &apos;none&apos;;keyboard-map &apos;none&apos;;local-fonts;magnetometer &apos;none&apos;;microphone &apos;none&apos;;midi &apos;none&apos;;otp-credentials &apos;none&apos;;payment &apos;none&apos;;picture-in-picture;publickey-credentials-create &apos;none&apos;;publickey-credentials-get &apos;none&apos;;screen-wake-lock &apos;none&apos;;serial &apos;none&apos;;summarizer &apos;none&apos;;sync-xhr;usb &apos;none&apos;;web-share;window-management &apos;none&apos;;xr-spatial-tracking &apos;none&apos;;\" allowfullscreen=\"\" class=\"arve-iframe fitvidsignore\" credentialless data-arve=\"arve-youtube-z9jpiy-fq3y\" data-lenis-prevent=\"\" data-src-no-ap=\"https:\/\/www.youtube-nocookie.com\/embed\/z9jPIy-Fq3Y?feature=oembed&amp;iv_load_policy=3&amp;modestbranding=1&amp;rel=0&amp;autohide=1&amp;playsinline=0&amp;autoplay=0\" frameborder=\"0\" height=\"0\" loading=\"lazy\" name=\"\" referrerpolicy=\"strict-origin-when-cross-origin\" sandbox=\"allow-scripts allow-same-origin allow-presentation allow-popups allow-popups-to-escape-sandbox\" scrolling=\"no\" src=\"https:\/\/www.youtube-nocookie.com\/embed\/z9jPIy-Fq3Y?feature=oembed&#038;iv_load_policy=3&#038;modestbranding=1&#038;rel=0&#038;autohide=1&#038;playsinline=0&#038;autoplay=0\" title=\"\" width=\"0\"><\/iframe>\n\t\t\t\n\t\t<\/div>\n\t\t\n\t<\/div>\n\t\n\t\n\t<script type=\"application\/ld+json\">{\"@context\":\"http:\\\/\\\/schema.org\\\/\",\"@id\":\"https:\\\/\\\/aqeips.org\\\/en\\\/tribute-to-stephane-braney-1966-2026\\\/#arve-youtube-z9jpiy-fq3y\",\"type\":\"VideoObject\",\"embedURL\":\"https:\\\/\\\/www.youtube-nocookie.com\\\/embed\\\/z9jPIy-Fq3Y?feature=oembed&iv_load_policy=3&modestbranding=1&rel=0&autohide=1&playsinline=0&autoplay=0\"}<\/script>\n\t\n<\/div>\n<\/div><\/figure>\n<\/div>\n\n\n\n<div class=\"wp-block-column is-layout-flow wp-block-column-is-layout-flow\" style=\"flex-basis:33.33%\">\n<p>In 2025, St\u00e9phane is interviewed by Bryen Akueson for an AQEIPS video project.<\/p>\n<\/div>\n<\/div>\n\n\n\n<div class=\"wp-block-columns is-layout-flex wp-container-core-columns-is-layout-9d6595d7 wp-block-columns-is-layout-flex\">\n<div class=\"wp-block-column is-layout-flow wp-block-column-is-layout-flow\" style=\"flex-basis:66.66%\">\n<figure class=\"wp-block-embed is-type-video is-provider-youtube wp-block-embed-youtube\"><div style=\"display: contents;\" >\n\n<div data-mode=\"normal\" data-oembed=\"1\" data-provider=\"youtube\" id=\"arve-youtube-y-jsf8hldkk\" class=\"arve\">\n\t<div class=\"arve-inner\">\n\t\t<div style=\"aspect-ratio:500\/281\" class=\"arve-embed arve-embed--has-aspect-ratio\">\n\t\t\t<div class=\"arve-ar\" style=\"padding-top:56.200000%\"><\/div>\n\t\t\t<iframe allow=\"accelerometer &apos;none&apos;;autoplay &apos;none&apos;;bluetooth &apos;none&apos;;browsing-topics &apos;none&apos;;camera &apos;none&apos;;clipboard-read &apos;none&apos;;clipboard-write;display-capture &apos;none&apos;;encrypted-media &apos;none&apos;;gamepad &apos;none&apos;;geolocation &apos;none&apos;;gyroscope &apos;none&apos;;hid &apos;none&apos;;identity-credentials-get &apos;none&apos;;idle-detection &apos;none&apos;;keyboard-map &apos;none&apos;;local-fonts;magnetometer &apos;none&apos;;microphone &apos;none&apos;;midi &apos;none&apos;;otp-credentials &apos;none&apos;;payment &apos;none&apos;;picture-in-picture;publickey-credentials-create &apos;none&apos;;publickey-credentials-get &apos;none&apos;;screen-wake-lock &apos;none&apos;;serial &apos;none&apos;;summarizer &apos;none&apos;;sync-xhr;usb &apos;none&apos;;web-share;window-management &apos;none&apos;;xr-spatial-tracking &apos;none&apos;;\" allowfullscreen=\"\" class=\"arve-iframe fitvidsignore\" credentialless data-arve=\"arve-youtube-y-jsf8hldkk\" data-lenis-prevent=\"\" data-src-no-ap=\"https:\/\/www.youtube-nocookie.com\/embed\/Y-JSf8hLdKk?feature=oembed&amp;iv_load_policy=3&amp;modestbranding=1&amp;rel=0&amp;autohide=1&amp;playsinline=0&amp;autoplay=0\" frameborder=\"0\" height=\"0\" loading=\"lazy\" name=\"\" referrerpolicy=\"strict-origin-when-cross-origin\" sandbox=\"allow-scripts allow-same-origin allow-presentation allow-popups allow-popups-to-escape-sandbox\" scrolling=\"no\" src=\"https:\/\/www.youtube-nocookie.com\/embed\/Y-JSf8hLdKk?feature=oembed&#038;iv_load_policy=3&#038;modestbranding=1&#038;rel=0&#038;autohide=1&#038;playsinline=0&#038;autoplay=0\" title=\"\" width=\"0\"><\/iframe>\n\t\t\t\n\t\t<\/div>\n\t\t\n\t<\/div>\n\t\n\t\n\t<script type=\"application\/ld+json\">{\"@context\":\"http:\\\/\\\/schema.org\\\/\",\"@id\":\"https:\\\/\\\/aqeips.org\\\/en\\\/tribute-to-stephane-braney-1966-2026\\\/#arve-youtube-y-jsf8hldkk\",\"type\":\"VideoObject\",\"embedURL\":\"https:\\\/\\\/www.youtube-nocookie.com\\\/embed\\\/Y-JSf8hLdKk?feature=oembed&iv_load_policy=3&modestbranding=1&rel=0&autohide=1&playsinline=0&autoplay=0\"}<\/script>\n\t\n<\/div>\n<\/div><\/figure>\n<\/div>\n\n\n\n<div class=\"wp-block-column is-layout-flow wp-block-column-is-layout-flow\" style=\"flex-basis:33.33%\">\n<p>In 2025, St\u00e9phane shares his story in a video produced by the Commission on Human Rights.<\/p>\n<\/div>\n<\/div>\n\n\n\n<div class=\"wp-block-columns is-layout-flex wp-container-core-columns-is-layout-9d6595d7 wp-block-columns-is-layout-flex\">\n<div class=\"wp-block-column is-layout-flow wp-block-column-is-layout-flow\" style=\"flex-basis:66.66%\">\n<figure class=\"wp-block-embed is-type-video is-provider-youtube wp-block-embed-youtube\"><div style=\"display: contents;\" >\n\n<div data-mode=\"normal\" data-oembed=\"1\" data-provider=\"youtube\" id=\"arve-youtube-ipmvgrzjjgg\" class=\"arve\">\n\t<div class=\"arve-inner\">\n\t\t<div style=\"aspect-ratio:500\/281\" class=\"arve-embed arve-embed--has-aspect-ratio\">\n\t\t\t<div class=\"arve-ar\" style=\"padding-top:56.200000%\"><\/div>\n\t\t\t<iframe allow=\"accelerometer &apos;none&apos;;autoplay &apos;none&apos;;bluetooth &apos;none&apos;;browsing-topics &apos;none&apos;;camera &apos;none&apos;;clipboard-read &apos;none&apos;;clipboard-write;display-capture &apos;none&apos;;encrypted-media &apos;none&apos;;gamepad &apos;none&apos;;geolocation &apos;none&apos;;gyroscope &apos;none&apos;;hid &apos;none&apos;;identity-credentials-get &apos;none&apos;;idle-detection &apos;none&apos;;keyboard-map &apos;none&apos;;local-fonts;magnetometer &apos;none&apos;;microphone &apos;none&apos;;midi &apos;none&apos;;otp-credentials &apos;none&apos;;payment &apos;none&apos;;picture-in-picture;publickey-credentials-create &apos;none&apos;;publickey-credentials-get &apos;none&apos;;screen-wake-lock &apos;none&apos;;serial &apos;none&apos;;summarizer &apos;none&apos;;sync-xhr;usb &apos;none&apos;;web-share;window-management &apos;none&apos;;xr-spatial-tracking &apos;none&apos;;\" allowfullscreen=\"\" class=\"arve-iframe fitvidsignore\" credentialless data-arve=\"arve-youtube-ipmvgrzjjgg\" data-lenis-prevent=\"\" data-src-no-ap=\"https:\/\/www.youtube-nocookie.com\/embed\/iPmvgRzjjGg?feature=oembed&amp;iv_load_policy=3&amp;modestbranding=1&amp;rel=0&amp;autohide=1&amp;playsinline=0&amp;autoplay=0\" frameborder=\"0\" height=\"0\" loading=\"lazy\" name=\"\" referrerpolicy=\"strict-origin-when-cross-origin\" sandbox=\"allow-scripts allow-same-origin allow-presentation allow-popups allow-popups-to-escape-sandbox\" scrolling=\"no\" src=\"https:\/\/www.youtube-nocookie.com\/embed\/iPmvgRzjjGg?feature=oembed&#038;iv_load_policy=3&#038;modestbranding=1&#038;rel=0&#038;autohide=1&#038;playsinline=0&#038;autoplay=0\" title=\"\" width=\"0\"><\/iframe>\n\t\t\t\n\t\t<\/div>\n\t\t\n\t<\/div>\n\t\n\t\n\t<script type=\"application\/ld+json\">{\"@context\":\"http:\\\/\\\/schema.org\\\/\",\"@id\":\"https:\\\/\\\/aqeips.org\\\/en\\\/tribute-to-stephane-braney-1966-2026\\\/#arve-youtube-ipmvgrzjjgg\",\"type\":\"VideoObject\",\"embedURL\":\"https:\\\/\\\/www.youtube-nocookie.com\\\/embed\\\/iPmvgRzjjGg?feature=oembed&iv_load_policy=3&modestbranding=1&rel=0&autohide=1&playsinline=0&autoplay=0\"}<\/script>\n\t\n<\/div>\n<\/div><\/figure>\n<\/div>\n\n\n\n<div class=\"wp-block-column is-layout-flow wp-block-column-is-layout-flow\" style=\"flex-basis:33.33%\">\n<p>In 2024, St\u00e9phane is the first guest on our podcast, Vivons Visibles.<\/p>\n<\/div>\n<\/div>\n<\/div>\n<\/div>\n\n<\/div>\r\n\n\n\n<p><\/p>\n","protected":false},"excerpt":{"rendered":"<p>St\u00e9phane Braney (1966-2026) A leader in advocating for the rights of people with disabilities. A valued colleague and friend In 2022, St\u00e9phane joined AQEIPS as a project manager and was soon promoted to executive director. Over the next three years,...<br \/><a href=\"https:\/\/aqeips.org\/en\/tribute-to-stephane-braney-1966-2026\/\" class=\"read-more\">Read more <span class=\"sr-only\">about Tribute to St\u00e9phane Braney (1966 &#8211; 2026)<\/span><\/a><\/p>","protected":false},"author":4,"featured_media":7708,"comment_status":"closed","ping_status":"closed","sticky":false,"template":"","format":"standard","meta":{"_acf_changed":false,"footnotes":""},"categories":[42,18,1],"tags":[],"class_list":["post-7732","post","type-post","status-publish","format-standard","has-post-thumbnail","hentry","category-articles","category-news","category-press-releases"],"acf":[],"yoast_head":"<!-- This site is optimized with the Yoast SEO plugin v27.1.1 - https:\/\/yoast.com\/product\/yoast-seo-wordpress\/ -->\n<title>Tribute to St\u00e9phane Braney (1966 - 2026) - Quebec Association for Equity and Inclusion in Post-Secondary Education<\/title>\n<meta name=\"robots\" content=\"index, follow, max-snippet:-1, max-image-preview:large, max-video-preview:-1\" \/>\n<link rel=\"canonical\" href=\"https:\/\/aqeips.org\/en\/tribute-to-stephane-braney-1966-2026\/\" \/>\n<meta property=\"og:locale\" content=\"en_US\" \/>\n<meta property=\"og:type\" content=\"article\" \/>\n<meta property=\"og:title\" content=\"Tribute to St\u00e9phane Braney (1966 - 2026) - Quebec Association for Equity and Inclusion in Post-Secondary Education\" \/>\n<meta property=\"og:url\" content=\"https:\/\/aqeips.org\/en\/tribute-to-stephane-braney-1966-2026\/\" \/>\n<meta property=\"og:site_name\" content=\"Quebec Association for Equity and Inclusion in Post-Secondary Education\" \/>\n<meta property=\"article:publisher\" content=\"https:\/\/fr-ca.facebook.com\/aqeips\/\" \/>\n<meta property=\"article:published_time\" content=\"2026-02-05T18:09:37+00:00\" \/>\n<meta property=\"article:modified_time\" content=\"2026-03-17T17:11:19+00:00\" \/>\n<meta property=\"og:image\" content=\"https:\/\/aqeips.org\/wp-content\/uploads\/2026\/02\/Cedre.jpg\" \/>\n\t<meta property=\"og:image:width\" content=\"1100\" \/>\n\t<meta property=\"og:image:height\" content=\"859\" \/>\n\t<meta property=\"og:image:type\" content=\"image\/jpeg\" \/>\n<meta name=\"author\" content=\"Felicity Spence\" \/>\n<meta name=\"twitter:card\" content=\"summary_large_image\" \/>\n<meta name=\"twitter:creator\" content=\"@aqeips\" \/>\n<meta name=\"twitter:site\" content=\"@aqeips\" \/>\n<meta name=\"twitter:label1\" content=\"Written by\" \/>\n\t<meta name=\"twitter:data1\" content=\"Felicity Spence\" \/>\n\t<meta name=\"twitter:label2\" content=\"Est. reading time\" \/>\n\t<meta name=\"twitter:data2\" content=\"3 minutes\" \/>\n<script type=\"application\/ld+json\" class=\"yoast-schema-graph\">{\"@context\":\"https:\/\/schema.org\",\"@graph\":[{\"@type\":\"Article\",\"@id\":\"https:\/\/aqeips.org\/en\/tribute-to-stephane-braney-1966-2026\/#article\",\"isPartOf\":{\"@id\":\"https:\/\/aqeips.org\/en\/tribute-to-stephane-braney-1966-2026\/\"},\"author\":{\"name\":\"Felicity Spence\",\"@id\":\"https:\/\/aqeips.org\/#\/schema\/person\/a660ee0c30cef1881db6a3c4da6e79d1\"},\"headline\":\"Tribute to St\u00e9phane Braney (1966 &#8211; 2026)\",\"datePublished\":\"2026-02-05T18:09:37+00:00\",\"dateModified\":\"2026-03-17T17:11:19+00:00\",\"mainEntityOfPage\":{\"@id\":\"https:\/\/aqeips.org\/en\/tribute-to-stephane-braney-1966-2026\/\"},\"wordCount\":504,\"publisher\":{\"@id\":\"https:\/\/aqeips.org\/#organization\"},\"image\":{\"@id\":\"https:\/\/aqeips.org\/en\/tribute-to-stephane-braney-1966-2026\/#primaryimage\"},\"thumbnailUrl\":\"https:\/\/aqeips.org\/wp-content\/uploads\/2026\/02\/Cedre.jpg\",\"articleSection\":[\"Articles\",\"News\",\"Press releases\"],\"inLanguage\":\"en-US\"},{\"@type\":\"WebPage\",\"@id\":\"https:\/\/aqeips.org\/en\/tribute-to-stephane-braney-1966-2026\/\",\"url\":\"https:\/\/aqeips.org\/en\/tribute-to-stephane-braney-1966-2026\/\",\"name\":\"Tribute to St\u00e9phane Braney (1966 - 2026) - Quebec Association for Equity and Inclusion in Post-Secondary Education\",\"isPartOf\":{\"@id\":\"https:\/\/aqeips.org\/#website\"},\"primaryImageOfPage\":{\"@id\":\"https:\/\/aqeips.org\/en\/tribute-to-stephane-braney-1966-2026\/#primaryimage\"},\"image\":{\"@id\":\"https:\/\/aqeips.org\/en\/tribute-to-stephane-braney-1966-2026\/#primaryimage\"},\"thumbnailUrl\":\"https:\/\/aqeips.org\/wp-content\/uploads\/2026\/02\/Cedre.jpg\",\"datePublished\":\"2026-02-05T18:09:37+00:00\",\"dateModified\":\"2026-03-17T17:11:19+00:00\",\"breadcrumb\":{\"@id\":\"https:\/\/aqeips.org\/en\/tribute-to-stephane-braney-1966-2026\/#breadcrumb\"},\"inLanguage\":\"en-US\",\"potentialAction\":[{\"@type\":\"ReadAction\",\"target\":[\"https:\/\/aqeips.org\/en\/tribute-to-stephane-braney-1966-2026\/\"]}]},{\"@type\":\"ImageObject\",\"inLanguage\":\"en-US\",\"@id\":\"https:\/\/aqeips.org\/en\/tribute-to-stephane-braney-1966-2026\/#primaryimage\",\"url\":\"https:\/\/aqeips.org\/wp-content\/uploads\/2026\/02\/Cedre.jpg\",\"contentUrl\":\"https:\/\/aqeips.org\/wp-content\/uploads\/2026\/02\/Cedre.jpg\",\"width\":1100,\"height\":859},{\"@type\":\"BreadcrumbList\",\"@id\":\"https:\/\/aqeips.org\/en\/tribute-to-stephane-braney-1966-2026\/#breadcrumb\",\"itemListElement\":[{\"@type\":\"ListItem\",\"position\":1,\"name\":\"Accueil\",\"item\":\"https:\/\/aqeips.org\/?lang=en\"},{\"@type\":\"ListItem\",\"position\":2,\"name\":\"Tribute to St\u00e9phane Braney (1966 &#8211; 2026)\"}]},{\"@type\":\"WebSite\",\"@id\":\"https:\/\/aqeips.org\/#website\",\"url\":\"https:\/\/aqeips.org\/\",\"name\":\"Quebec Association for Equity and Inclusion in Post-Secondary Education\",\"description\":\"AQEIPS\",\"publisher\":{\"@id\":\"https:\/\/aqeips.org\/#organization\"},\"potentialAction\":[{\"@type\":\"SearchAction\",\"target\":{\"@type\":\"EntryPoint\",\"urlTemplate\":\"https:\/\/aqeips.org\/?s={search_term_string}\"},\"query-input\":{\"@type\":\"PropertyValueSpecification\",\"valueRequired\":true,\"valueName\":\"search_term_string\"}}],\"inLanguage\":\"en-US\"},{\"@type\":\"Organization\",\"@id\":\"https:\/\/aqeips.org\/#organization\",\"name\":\"L\u2019Association qu\u00e9b\u00e9coise pour l\u2019\u00e9quit\u00e9 et l\u2019inclusion au postsecondaire\",\"alternateName\":\"AQEIPS\",\"url\":\"https:\/\/aqeips.org\/\",\"logo\":{\"@type\":\"ImageObject\",\"inLanguage\":\"en-US\",\"@id\":\"https:\/\/aqeips.org\/#\/schema\/logo\/image\/\",\"url\":\"https:\/\/aqeips.org\/wp-content\/uploads\/2023\/10\/Logo-de-lentite-AQEIPS.jpg\",\"contentUrl\":\"https:\/\/aqeips.org\/wp-content\/uploads\/2023\/10\/Logo-de-lentite-AQEIPS.jpg\",\"width\":696,\"height\":696,\"caption\":\"L\u2019Association qu\u00e9b\u00e9coise pour l\u2019\u00e9quit\u00e9 et l\u2019inclusion au postsecondaire\"},\"image\":{\"@id\":\"https:\/\/aqeips.org\/#\/schema\/logo\/image\/\"},\"sameAs\":[\"https:\/\/fr-ca.facebook.com\/aqeips\/\",\"https:\/\/x.com\/aqeips\",\"https:\/\/www.linkedin.com\/company\/aqeips---association-qu\u00e9b\u00e9coise-des-\u00e9tudiants-ayant-des-incapacit\u00e9s-au-postsecondaire\/?originalSubdomain=ca\",\"https:\/\/www.youtube.com\/channel\/UCFvl0P7dBP9jUPL89k-xXIg\"]},{\"@type\":\"Person\",\"@id\":\"https:\/\/aqeips.org\/#\/schema\/person\/a660ee0c30cef1881db6a3c4da6e79d1\",\"name\":\"Felicity Spence\",\"image\":{\"@type\":\"ImageObject\",\"inLanguage\":\"en-US\",\"@id\":\"https:\/\/aqeips.org\/#\/schema\/person\/image\/\",\"url\":\"https:\/\/secure.gravatar.com\/avatar\/6d44c23576f430239f8e6b9297571712db8404af261cc7e2230fe1823f037cf0?s=96&d=mm&r=g\",\"contentUrl\":\"https:\/\/secure.gravatar.com\/avatar\/6d44c23576f430239f8e6b9297571712db8404af261cc7e2230fe1823f037cf0?s=96&d=mm&r=g\",\"caption\":\"Felicity Spence\"},\"url\":\"https:\/\/aqeips.org\/en\/author\/administration\/\"}]}<\/script>\n<!-- \/ Yoast SEO plugin. -->","yoast_head_json":{"title":"Tribute to St\u00e9phane Braney (1966 - 2026) - Quebec Association for Equity and Inclusion in Post-Secondary Education","robots":{"index":"index","follow":"follow","max-snippet":"max-snippet:-1","max-image-preview":"max-image-preview:large","max-video-preview":"max-video-preview:-1"},"canonical":"https:\/\/aqeips.org\/en\/tribute-to-stephane-braney-1966-2026\/","og_locale":"en_US","og_type":"article","og_title":"Tribute to St\u00e9phane Braney (1966 - 2026) - Quebec Association for Equity and Inclusion in Post-Secondary Education","og_url":"https:\/\/aqeips.org\/en\/tribute-to-stephane-braney-1966-2026\/","og_site_name":"Quebec Association for Equity and Inclusion in Post-Secondary Education","article_publisher":"https:\/\/fr-ca.facebook.com\/aqeips\/","article_published_time":"2026-02-05T18:09:37+00:00","article_modified_time":"2026-03-17T17:11:19+00:00","og_image":[{"width":1100,"height":859,"url":"https:\/\/aqeips.org\/wp-content\/uploads\/2026\/02\/Cedre.jpg","type":"image\/jpeg"}],"author":"Felicity Spence","twitter_card":"summary_large_image","twitter_creator":"@aqeips","twitter_site":"@aqeips","twitter_misc":{"Written by":"Felicity Spence","Est. reading time":"3 minutes"},"schema":{"@context":"https:\/\/schema.org","@graph":[{"@type":"Article","@id":"https:\/\/aqeips.org\/en\/tribute-to-stephane-braney-1966-2026\/#article","isPartOf":{"@id":"https:\/\/aqeips.org\/en\/tribute-to-stephane-braney-1966-2026\/"},"author":{"name":"Felicity Spence","@id":"https:\/\/aqeips.org\/#\/schema\/person\/a660ee0c30cef1881db6a3c4da6e79d1"},"headline":"Tribute to St\u00e9phane Braney (1966 &#8211; 2026)","datePublished":"2026-02-05T18:09:37+00:00","dateModified":"2026-03-17T17:11:19+00:00","mainEntityOfPage":{"@id":"https:\/\/aqeips.org\/en\/tribute-to-stephane-braney-1966-2026\/"},"wordCount":504,"publisher":{"@id":"https:\/\/aqeips.org\/#organization"},"image":{"@id":"https:\/\/aqeips.org\/en\/tribute-to-stephane-braney-1966-2026\/#primaryimage"},"thumbnailUrl":"https:\/\/aqeips.org\/wp-content\/uploads\/2026\/02\/Cedre.jpg","articleSection":["Articles","News","Press releases"],"inLanguage":"en-US"},{"@type":"WebPage","@id":"https:\/\/aqeips.org\/en\/tribute-to-stephane-braney-1966-2026\/","url":"https:\/\/aqeips.org\/en\/tribute-to-stephane-braney-1966-2026\/","name":"Tribute to St\u00e9phane Braney (1966 - 2026) - Quebec Association for Equity and Inclusion in Post-Secondary Education","isPartOf":{"@id":"https:\/\/aqeips.org\/#website"},"primaryImageOfPage":{"@id":"https:\/\/aqeips.org\/en\/tribute-to-stephane-braney-1966-2026\/#primaryimage"},"image":{"@id":"https:\/\/aqeips.org\/en\/tribute-to-stephane-braney-1966-2026\/#primaryimage"},"thumbnailUrl":"https:\/\/aqeips.org\/wp-content\/uploads\/2026\/02\/Cedre.jpg","datePublished":"2026-02-05T18:09:37+00:00","dateModified":"2026-03-17T17:11:19+00:00","breadcrumb":{"@id":"https:\/\/aqeips.org\/en\/tribute-to-stephane-braney-1966-2026\/#breadcrumb"},"inLanguage":"en-US","potentialAction":[{"@type":"ReadAction","target":["https:\/\/aqeips.org\/en\/tribute-to-stephane-braney-1966-2026\/"]}]},{"@type":"ImageObject","inLanguage":"en-US","@id":"https:\/\/aqeips.org\/en\/tribute-to-stephane-braney-1966-2026\/#primaryimage","url":"https:\/\/aqeips.org\/wp-content\/uploads\/2026\/02\/Cedre.jpg","contentUrl":"https:\/\/aqeips.org\/wp-content\/uploads\/2026\/02\/Cedre.jpg","width":1100,"height":859},{"@type":"BreadcrumbList","@id":"https:\/\/aqeips.org\/en\/tribute-to-stephane-braney-1966-2026\/#breadcrumb","itemListElement":[{"@type":"ListItem","position":1,"name":"Accueil","item":"https:\/\/aqeips.org\/?lang=en"},{"@type":"ListItem","position":2,"name":"Tribute to St\u00e9phane Braney (1966 &#8211; 2026)"}]},{"@type":"WebSite","@id":"https:\/\/aqeips.org\/#website","url":"https:\/\/aqeips.org\/","name":"Quebec Association for Equity and Inclusion in Post-Secondary Education","description":"AQEIPS","publisher":{"@id":"https:\/\/aqeips.org\/#organization"},"potentialAction":[{"@type":"SearchAction","target":{"@type":"EntryPoint","urlTemplate":"https:\/\/aqeips.org\/?s={search_term_string}"},"query-input":{"@type":"PropertyValueSpecification","valueRequired":true,"valueName":"search_term_string"}}],"inLanguage":"en-US"},{"@type":"Organization","@id":"https:\/\/aqeips.org\/#organization","name":"L\u2019Association qu\u00e9b\u00e9coise pour l\u2019\u00e9quit\u00e9 et l\u2019inclusion au postsecondaire","alternateName":"AQEIPS","url":"https:\/\/aqeips.org\/","logo":{"@type":"ImageObject","inLanguage":"en-US","@id":"https:\/\/aqeips.org\/#\/schema\/logo\/image\/","url":"https:\/\/aqeips.org\/wp-content\/uploads\/2023\/10\/Logo-de-lentite-AQEIPS.jpg","contentUrl":"https:\/\/aqeips.org\/wp-content\/uploads\/2023\/10\/Logo-de-lentite-AQEIPS.jpg","width":696,"height":696,"caption":"L\u2019Association qu\u00e9b\u00e9coise pour l\u2019\u00e9quit\u00e9 et l\u2019inclusion au postsecondaire"},"image":{"@id":"https:\/\/aqeips.org\/#\/schema\/logo\/image\/"},"sameAs":["https:\/\/fr-ca.facebook.com\/aqeips\/","https:\/\/x.com\/aqeips","https:\/\/www.linkedin.com\/company\/aqeips---association-qu\u00e9b\u00e9coise-des-\u00e9tudiants-ayant-des-incapacit\u00e9s-au-postsecondaire\/?originalSubdomain=ca","https:\/\/www.youtube.com\/channel\/UCFvl0P7dBP9jUPL89k-xXIg"]},{"@type":"Person","@id":"https:\/\/aqeips.org\/#\/schema\/person\/a660ee0c30cef1881db6a3c4da6e79d1","name":"Felicity Spence","image":{"@type":"ImageObject","inLanguage":"en-US","@id":"https:\/\/aqeips.org\/#\/schema\/person\/image\/","url":"https:\/\/secure.gravatar.com\/avatar\/6d44c23576f430239f8e6b9297571712db8404af261cc7e2230fe1823f037cf0?s=96&d=mm&r=g","contentUrl":"https:\/\/secure.gravatar.com\/avatar\/6d44c23576f430239f8e6b9297571712db8404af261cc7e2230fe1823f037cf0?s=96&d=mm&r=g","caption":"Felicity Spence"},"url":"https:\/\/aqeips.org\/en\/author\/administration\/"}]}},"_links":{"self":[{"href":"https:\/\/aqeips.org\/en\/wp-json\/wp\/v2\/posts\/7732","targetHints":{"allow":["GET"]}}],"collection":[{"href":"https:\/\/aqeips.org\/en\/wp-json\/wp\/v2\/posts"}],"about":[{"href":"https:\/\/aqeips.org\/en\/wp-json\/wp\/v2\/types\/post"}],"author":[{"embeddable":true,"href":"https:\/\/aqeips.org\/en\/wp-json\/wp\/v2\/users\/4"}],"replies":[{"embeddable":true,"href":"https:\/\/aqeips.org\/en\/wp-json\/wp\/v2\/comments?post=7732"}],"version-history":[{"count":4,"href":"https:\/\/aqeips.org\/en\/wp-json\/wp\/v2\/posts\/7732\/revisions"}],"predecessor-version":[{"id":7736,"href":"https:\/\/aqeips.org\/en\/wp-json\/wp\/v2\/posts\/7732\/revisions\/7736"}],"wp:featuredmedia":[{"embeddable":true,"href":"https:\/\/aqeips.org\/en\/wp-json\/wp\/v2\/media\/7708"}],"wp:attachment":[{"href":"https:\/\/aqeips.org\/en\/wp-json\/wp\/v2\/media?parent=7732"}],"wp:term":[{"taxonomy":"category","embeddable":true,"href":"https:\/\/aqeips.org\/en\/wp-json\/wp\/v2\/categories?post=7732"},{"taxonomy":"post_tag","embeddable":true,"href":"https:\/\/aqeips.org\/en\/wp-json\/wp\/v2\/tags?post=7732"}],"curies":[{"name":"wp","href":"https:\/\/api.w.org\/{rel}","templated":true}]}}